{"id":6,"date":"2013-10-22T18:14:39","date_gmt":"2013-10-22T17:14:39","guid":{"rendered":"http:\/\/www.photos-34.com\/informations\/?p=6"},"modified":"2013-11-20T09:39:38","modified_gmt":"2013-11-20T08:39:38","slug":"lunion-europeenne-en-cessation-de-paiement-a-la-mi-novembre","status":"publish","type":"post","link":"https:\/\/www.photos-34.com\/informations\/?p=6","title":{"rendered":"L\u2019Union europ\u00e9enne en cessation de paiement \u00e0 la mi-novembre?"},"content":{"rendered":"<h1>L\u2019Union europ\u00e9enne en cessation de paiement \u00e0 la mi-novembre?<\/h1>\n<table>\n<tbody>\n<tr>\n<td><\/td>\n<td><\/td>\n<td><\/td>\n<\/tr>\n<\/tbody>\n<\/table>\n<p><img loading=\"lazy\" decoding=\"async\" alt=\"\" src=\"http:\/\/static0.7sur7.be\/static\/photo\/2013\/5\/3\/3\/20131021210917\/media_xll_6212568.jpg\" width=\"313\" height=\"176\" \/> <em>Un bras de fer a \u00e9t\u00e9 engag\u00e9 entre les Etats membres et le Parlement europ\u00e9en sur le budget de l\u2019UE pour la p\u00e9riode 2014-2020. \u00a9 photo news.<\/em><\/p>\n<p><b>La Commission europ\u00e9enne a demand\u00e9 lundi au Parlement europ\u00e9en d\u2019approuver en urgence un versement de 2,7 milliards d\u2019euros suppl\u00e9mentaires pour le budget 2013 afin d\u2019\u00e9viter \u00e0 l\u2019Union europ\u00e9enne de se retrouver en cessation de paiement \u00e0 la mi-novembre.<\/b><\/p>\n<p>\u00ab\u00a0J\u2019ai \u00e9t\u00e9 inform\u00e9 ce matin par les services du pr\u00e9sident de la Commission europ\u00e9enne du risque de cessation de paiement \u00e0 la mi-novembre\u00a0\u00bb, a annonc\u00e9 le pr\u00e9sident du Parlement europ\u00e9en Martin Schulz \u00e0 l\u2019ouverture de la session pl\u00e9ni\u00e8re \u00e0 Strasbourg.<\/p>\n<p>Les chefs des groupes politiques ont accueilli tr\u00e8s fra\u00eechement la demande de la Commission.<\/p>\n<p>\u00ab\u00a0Il y a quelque chose de bizarre dans cette histoire\u00a0\u00bb, a lanc\u00e9 le co-pr\u00e9sident des Verts Daniel Cohn-Bendit.<\/p>\n<p>\u00ab\u00a0Vous n\u2019allez pas me dire que la Commission europ\u00e9enne a d\u00e9couvert vendredi apr\u00e8s-midi qu\u2019elle n\u2019avait plus d\u2019argent. Quelqu\u2019un se fout de notre gueule dans cette histoire\u00a0\u00bb, a-t-il accus\u00e9.<\/p>\n<p>Le chef du groupe du Parti Populaire Europ\u00e9en Joseph Daul s\u2019est montr\u00e9 tout aussi s\u00e9v\u00e8re. \u00ab\u00a0Qui nous dit que si nous approuvons ces 2,7 milliards d\u2019euros le Conseil sera encore pr\u00eat a adopter les deux autres budgets rectificatifs de 3,9 milliards d\u2019euros et de 400 millions d\u2019euros\u00a0\u00bb, s\u2019est interrog\u00e9 M. Daul.<\/p>\n<p>Un bras de fer a \u00e9t\u00e9 engag\u00e9 entre les Etats membres et le Parlement europ\u00e9en sur le budget de l\u2019UE pour la p\u00e9riode 2014-2020.<\/p>\n<p>Les d\u00e9put\u00e9s europ\u00e9ens ont conditionn\u00e9 leur approbation d\u00e9finitive de ce budget pluriannuel au d\u00e9blocage par les Etats membres d\u2019une somme de 3,9 milliards d\u2019euros suppl\u00e9mentaires pour boucler les comptes de 2013.<\/p>\n<div><\/div>\n<p>Un des points d\u2019achoppement est une enveloppe de 400,5 millions d\u2019euros au profit de l\u2019Allemagne, de l\u2019Autriche et de la R\u00e9publique tch\u00e8que pour les d\u00e9g\u00e2ts occasionn\u00e9s par les inondations de mai et juin, et au profit de la Roumanie pour les d\u00e9g\u00e2ts caus\u00e9s par les incendies qui ont ravag\u00e9 ses for\u00eats \u00e0 l\u2019\u00e9t\u00e9 2012.<\/p>\n<p>En raison des divergences entre les Etats-membres et le Parlement, le vote du budget pluriannuel, pr\u00e9vu cette semaine, a \u00e9t\u00e9 repouss\u00e9 en novembre.<\/p>\n","protected":false},"excerpt":{"rendered":"<p>L\u2019Union europ\u00e9enne en cessation de paiement \u00e0 la mi-novembre? Un bras de fer a \u00e9t\u00e9 engag\u00e9 entre les Etats membres et le Parlement europ\u00e9en sur le budget de l\u2019UE pour la p\u00e9riode 2014-2020. \u00a9 photo news. La Commission europ\u00e9enne a &hellip; <a href=\"https:\/\/www.photos-34.com\/informations\/?p=6\">Continuer la lecture <span class=\"meta-nav\">&rarr;<\/span><\/a><\/p>\n","protected":false},"author":1,"featured_media":0,"comment_status":"open","ping_status":"open","sticky":false,"template":"","format":"standard","meta":{"footnotes":""},"categories":[5],"tags":[],"class_list":["post-6","post","type-post","status-publish","format-standard","hentry","category-politique"],"_links":{"self":[{"href":"https:\/\/www.photos-34.com\/informations\/index.php?rest_route=\/wp\/v2\/posts\/6","targetHints":{"allow":["GET"]}}],"collection":[{"href":"https:\/\/www.photos-34.com\/informations\/index.php?rest_route=\/wp\/v2\/posts"}],"about":[{"href":"https:\/\/www.photos-34.com\/informations\/index.php?rest_route=\/wp\/v2\/types\/post"}],"author":[{"embeddable":true,"href":"https:\/\/www.photos-34.com\/informations\/index.php?rest_route=\/wp\/v2\/users\/1"}],"replies":[{"embeddable":true,"href":"https:\/\/www.photos-34.com\/informations\/index.php?rest_route=%2Fwp%2Fv2%2Fcomments&post=6"}],"version-history":[{"count":5,"href":"https:\/\/www.photos-34.com\/informations\/index.php?rest_route=\/wp\/v2\/posts\/6\/revisions"}],"predecessor-version":[{"id":342,"href":"https:\/\/www.photos-34.com\/informations\/index.php?rest_route=\/wp\/v2\/posts\/6\/revisions\/342"}],"wp:attachment":[{"href":"https:\/\/www.photos-34.com\/informations\/index.php?rest_route=%2Fwp%2Fv2%2Fmedia&parent=6"}],"wp:term":[{"taxonomy":"category","embeddable":true,"href":"https:\/\/www.photos-34.com\/informations\/index.php?rest_route=%2Fwp%2Fv2%2Fcategories&post=6"},{"taxonomy":"post_tag","embeddable":true,"href":"https:\/\/www.photos-34.com\/informations\/index.php?rest_route=%2Fwp%2Fv2%2Ftags&post=6"}],"curies":[{"name":"wp","href":"https:\/\/api.w.org\/{rel}","templated":true}]}}