{"id":668,"date":"2014-01-01T18:28:23","date_gmt":"2014-01-01T17:28:23","guid":{"rendered":"http:\/\/www.photos-34.com\/informations\/?p=668"},"modified":"2014-01-04T09:17:21","modified_gmt":"2014-01-04T08:17:21","slug":"un-pompier-grievement-blesse-a-loeil-lors-dune-manifestation-a-grenoble","status":"publish","type":"post","link":"https:\/\/www.photos-34.com\/informations\/?p=668","title":{"rendered":"Un pompier gri\u00e8vement bless\u00e9 \u00e0 l&rsquo;oeil lors d&rsquo;une manifestation \u00e0 Grenoble"},"content":{"rendered":"<p>Ce vendredi 27 d\u00e9cembre, pr\u00e8s de 150 pompiers is\u00e9rois ont une nouvelle fois manifest\u00e9 pour protester contre l&rsquo;allongement de leur temps de travail. Leur rassemblement devant la pr\u00e9fecture a rapidement d\u00e9g\u00e9n\u00e9r\u00e9. Gri\u00e8vement bless\u00e9 \u00e0 un oeil, un pompier a d\u00fb \u00eatre hospitalis\u00e9.<br \/>\nS&rsquo;ils ont choisi de manifester devant la pr\u00e9fecture, ce n&rsquo;est pas un hasard. Ce vendredi matin, le conseil d&rsquo;administration du Sdis 38 (Service d\u00e9partemental d&rsquo;incendie et de secours) s&rsquo;y tenait. Dans les jours pr\u00e9c\u00e9dents, il avait \u00e9t\u00e9 suspendu \u00e0 deux reprises pour cause de manifestation alors qu&rsquo;il se d\u00e9roulait au conseil g\u00e9n\u00e9ral. A l&rsquo;ordre du jour : le vote du budget 2014 synonyme d&rsquo;allongement du temps de travail pour les pompiers.<br \/>\n<embed width=\"600px\" height=\"450px\" allowscriptaccess=\"always\" allowfullscreen=\"true\" wmode=\"transparent\" src=\"http:\/\/api.dmcloud.net\/player\/swf\/4f3d114d94a6f66945000325\/52bdba4506361d4deedb93ea?autoplay=1&amp;auth=1703956914-1-pctodvh5-c1862d011e2cfea4759c1bc0bf7b8e95&amp;wmode=transparent&amp;autoplay=0&amp;parentURL=http%3A\/\/alpes.france3.fr\/2013\/12\/27\/nouvelle-manifestation-musclee-des-pompiers-de-l-isere-grenoble-384691.html&amp;_=\" type=\"application\/x-shockwave-flash\" id=\"dm_player\"><br \/>\nDevant la pr\u00e9fecture pour faire face aux 150 pompiers : 90 policiers dont 70 CRS. Les premiers demandaient a \u00eatre re\u00e7us par le pr\u00e9sident du Sdis, les seconds \u00e9taient l\u00e0 pour les emp\u00eacher de d&rsquo;entrer.<\/p>\n<p>Alors quand les soldats du feu ont voulu forcer le cordon policier en les aspergeant avec une lance \u00e0 incendie, la r\u00e9ponse s&rsquo;est faite \u00e0 coup de flashball et de bombe lacrymog\u00e8ne. Un pompier a d\u00fb \u00eatre hospitalis\u00e9 apr\u00e8s avoir \u00e9t\u00e9 gri\u00e8vement bless\u00e9 \u00e0 l&rsquo;oeil. L&rsquo;op\u00e9ration chirurgicale, r\u00e9alis\u00e9e dans l&rsquo;apr\u00e8s-midi \u00e0 l&rsquo;h\u00f4pital Nord de Grenoble, n&rsquo;a pas permis de sauver l&rsquo;oeil de cet homme qui restera hospitalis\u00e9 encore au moins huit jours. <\/p>\n<p>Une d\u00e9l\u00e9gation a finalement \u00e9t\u00e9 re\u00e7ue alors que le budget 2014 venait d&rsquo;\u00eatre vot\u00e9.<\/p>\n<p>Sources : <a href=\"http:\/\/alpes.france3.fr\/2013\/12\/27\/nouvelle-manifestation-musclee-des-pompiers-de-l-isere-grenoble-384691.html\" target=\"_blank\">France3<\/a><\/p>\n","protected":false},"excerpt":{"rendered":"<p>Ce vendredi 27 d\u00e9cembre, pr\u00e8s de 150 pompiers is\u00e9rois ont une nouvelle fois manifest\u00e9 pour protester contre l&rsquo;allongement de leur temps de travail. Leur rassemblement devant la pr\u00e9fecture a rapidement d\u00e9g\u00e9n\u00e9r\u00e9. Gri\u00e8vement bless\u00e9 \u00e0 un oeil, un pompier a d\u00fb &hellip; <a href=\"https:\/\/www.photos-34.com\/informations\/?p=668\">Continuer la lecture <span class=\"meta-nav\">&rarr;<\/span><\/a><\/p>\n","protected":false},"author":1,"featured_media":0,"comment_status":"open","ping_status":"open","sticky":false,"template":"","format":"standard","meta":{"footnotes":""},"categories":[20],"tags":[],"class_list":["post-668","post","type-post","status-publish","format-standard","hentry","category-manifestants"],"_links":{"self":[{"href":"https:\/\/www.photos-34.com\/informations\/index.php?rest_route=\/wp\/v2\/posts\/668","targetHints":{"allow":["GET"]}}],"collection":[{"href":"https:\/\/www.photos-34.com\/informations\/index.php?rest_route=\/wp\/v2\/posts"}],"about":[{"href":"https:\/\/www.photos-34.com\/informations\/index.php?rest_route=\/wp\/v2\/types\/post"}],"author":[{"embeddable":true,"href":"https:\/\/www.photos-34.com\/informations\/index.php?rest_route=\/wp\/v2\/users\/1"}],"replies":[{"embeddable":true,"href":"https:\/\/www.photos-34.com\/informations\/index.php?rest_route=%2Fwp%2Fv2%2Fcomments&post=668"}],"version-history":[{"count":6,"href":"https:\/\/www.photos-34.com\/informations\/index.php?rest_route=\/wp\/v2\/posts\/668\/revisions"}],"predecessor-version":[{"id":682,"href":"https:\/\/www.photos-34.com\/informations\/index.php?rest_route=\/wp\/v2\/posts\/668\/revisions\/682"}],"wp:attachment":[{"href":"https:\/\/www.photos-34.com\/informations\/index.php?rest_route=%2Fwp%2Fv2%2Fmedia&parent=668"}],"wp:term":[{"taxonomy":"category","embeddable":true,"href":"https:\/\/www.photos-34.com\/informations\/index.php?rest_route=%2Fwp%2Fv2%2Fcategories&post=668"},{"taxonomy":"post_tag","embeddable":true,"href":"https:\/\/www.photos-34.com\/informations\/index.php?rest_route=%2Fwp%2Fv2%2Ftags&post=668"}],"curies":[{"name":"wp","href":"https:\/\/api.w.org\/{rel}","templated":true}]}}