{"id":983,"date":"2016-04-24T08:02:16","date_gmt":"2016-04-24T07:02:16","guid":{"rendered":"http:\/\/www.photos-34.com\/informations\/?p=983"},"modified":"2016-04-24T08:05:55","modified_gmt":"2016-04-24T07:05:55","slug":"electricite-lespagne-instaure-un-impot-sur-le-soleil","status":"publish","type":"post","link":"https:\/\/www.photos-34.com\/informations\/?p=983","title":{"rendered":"Electricit\u00e9 : l&rsquo;Espagne instaure un \u00ab\u00a0imp\u00f4t sur le soleil\u00a0\u00bb"},"content":{"rendered":"<p>Les entreprises d&rsquo;\u00e9lectricit\u00e9 ont fait pression sur le gouvernement espagnol pour freiner l&rsquo;autoconsommation gr\u00e2ce aux panneaux solaires.<br \/>\nREPORTAGE &#8211;<\/p>\n<p>L&rsquo;Espagne est le pays le plus ensoleill\u00e9 d&rsquo;Europe. Mais une initiative gouvernementale pourrait r\u00e9duire \u00e0 n\u00e9ant le d\u00e9veloppement de l\u2019\u00e9nergie solaire dans le pays. De nouvelles normes et un nouvel imp\u00f4t risquent de d\u00e9courager les propri\u00e9taires d\u00e9j\u00e0 \u00e9quip\u00e9s de panneaux solaires mais aussi ceux qui souhaitaient investir.<\/p>\n<p>Installation devenue ill\u00e9gale. Lass\u00e9 de payer des factures d&rsquo;\u00e9lectricit\u00e9 de 1.000 euros par mois, un restaurateur de plage a fait recouvrir il y a trois ans le toit de son \u00e9tablissement de plaques photovolta\u00efques. Depuis, l&rsquo;\u00e9tablissement est aliment\u00e9 \u00e0 50% gr\u00e2ce \u00e0 l&rsquo;\u00e9nergie solaire et le restaurateur \u00e9conomise 600 euros sur sa facture. Probl\u00e8me : depuis une semaine, l&rsquo;installation est ill\u00e9gale, elle ne correspond pas aux nouvelles normes tr\u00e8s contraignantes impos\u00e9es par le gouvernement en mati\u00e8re d&rsquo;autoconsommation d&rsquo;\u00e9nergie solaire. \u00ab\u00a0Si on s&rsquo;adapte aux normes qui viennent d&rsquo;entrer en vigueur, il faudra installer un nouveau compteur et que je change l&rsquo;armoire.\u00a0\u00bb Des travaux estim\u00e9s par le restaurateur entre 2.000 et 3.000 euros. \u00ab\u00a0Ensuite, il faudra payer un imp\u00f4t aberrant pour l&rsquo;\u00e9nergie du soleil que l&rsquo;on consomme directement ici\u00a0\u00bb, s\u2019agace-t-il.<\/p>\n<p>Pression des entreprises d&rsquo;\u00e9lectricit\u00e9. De plus en plus de particuliers et d&rsquo;entreprise s\u2019\u00e9quipaient depuis quelques ann\u00e9es en panneaux solaires dans la p\u00e9ninsule ib\u00e9rique. Inqui\u00e8tes du manque \u00e0 gagner, ce sont les grandes entreprises d&rsquo;\u00e9lectricit\u00e9 qui ont fait pression sur le gouvernement pour qu&rsquo;il restreigne le choix de l&rsquo;autoconsommation. Une initiative tr\u00e8s n\u00e9gative, selon un sp\u00e9cialiste du photovolta\u00efque : \u00ab\u00a0Il y a huit ans, l&rsquo;Espagne \u00e9tait pionni\u00e8re dans ce secteur au niveau mondial. Il est maintenant \u00e0 l&rsquo;arr\u00eat avec ce gouvernement qui freine les \u00e9nergies renouvelables, \u00e0 contre-courant de tout ce qui se fait dans le reste du monde.\u00a0\u00bb<\/p>\n<p>Refus de \u00ab\u00a0l&rsquo;imp\u00f4t sur le soleil\u00a0\u00bb. La plupart des propri\u00e9taires de panneaux solaires, des milliers en Espagne, ont d&rsquo;ores et d\u00e9j\u00e0 annonc\u00e9 leur refus de mettre au norme leur installation et de payer ce nouvel \u00ab\u00a0imp\u00f4t sur le soleil\u00a0\u00bb.<br \/>\nSur le m\u00eame sujet :<\/p>\n<p>    COP21 : 121 pays cr\u00e9ent une alliance pour l&rsquo;\u00e9nergie solaire<br \/>\n    Areva va construire en Inde la plus grande installation d&rsquo;\u00e9nergie solaire \u00e0 concentration d&rsquo;Asie<br \/>\n    Gironde : ouverture de la plus grande centrale photovolta\u00efque d&rsquo;Europe<\/p>\n<p>Par Henry de Lagu\u00e9rie et A.D<\/p>\n<p>Sources : <a href=\"http:\/\/www.europe1.fr\/international\/electricite-lespagne-instaure-un-impot-sur-le-soleil-2725654\" target=\"_blank\">Europe1<\/a><\/p>\n","protected":false},"excerpt":{"rendered":"<p>Les entreprises d&rsquo;\u00e9lectricit\u00e9 ont fait pression sur le gouvernement espagnol pour freiner l&rsquo;autoconsommation gr\u00e2ce aux panneaux solaires. REPORTAGE &#8211; L&rsquo;Espagne est le pays le plus ensoleill\u00e9 d&rsquo;Europe. Mais une initiative gouvernementale pourrait r\u00e9duire \u00e0 n\u00e9ant le d\u00e9veloppement de l\u2019\u00e9nergie solaire &hellip; <a href=\"https:\/\/www.photos-34.com\/informations\/?p=983\">Continuer la lecture <span class=\"meta-nav\">&rarr;<\/span><\/a><\/p>\n","protected":false},"author":1,"featured_media":0,"comment_status":"open","ping_status":"open","sticky":false,"template":"","format":"standard","meta":{"footnotes":""},"categories":[6,7],"tags":[],"class_list":["post-983","post","type-post","status-publish","format-standard","hentry","category-energie","category-loi"],"_links":{"self":[{"href":"https:\/\/www.photos-34.com\/informations\/index.php?rest_route=\/wp\/v2\/posts\/983","targetHints":{"allow":["GET"]}}],"collection":[{"href":"https:\/\/www.photos-34.com\/informations\/index.php?rest_route=\/wp\/v2\/posts"}],"about":[{"href":"https:\/\/www.photos-34.com\/informations\/index.php?rest_route=\/wp\/v2\/types\/post"}],"author":[{"embeddable":true,"href":"https:\/\/www.photos-34.com\/informations\/index.php?rest_route=\/wp\/v2\/users\/1"}],"replies":[{"embeddable":true,"href":"https:\/\/www.photos-34.com\/informations\/index.php?rest_route=%2Fwp%2Fv2%2Fcomments&post=983"}],"version-history":[{"count":3,"href":"https:\/\/www.photos-34.com\/informations\/index.php?rest_route=\/wp\/v2\/posts\/983\/revisions"}],"predecessor-version":[{"id":986,"href":"https:\/\/www.photos-34.com\/informations\/index.php?rest_route=\/wp\/v2\/posts\/983\/revisions\/986"}],"wp:attachment":[{"href":"https:\/\/www.photos-34.com\/informations\/index.php?rest_route=%2Fwp%2Fv2%2Fmedia&parent=983"}],"wp:term":[{"taxonomy":"category","embeddable":true,"href":"https:\/\/www.photos-34.com\/informations\/index.php?rest_route=%2Fwp%2Fv2%2Fcategories&post=983"},{"taxonomy":"post_tag","embeddable":true,"href":"https:\/\/www.photos-34.com\/informations\/index.php?rest_route=%2Fwp%2Fv2%2Ftags&post=983"}],"curies":[{"name":"wp","href":"https:\/\/api.w.org\/{rel}","templated":true}]}}